{"id":28360,"date":"2025-12-09T12:42:50","date_gmt":"2025-12-09T11:42:50","guid":{"rendered":"https:\/\/d-unas.com\/es\/?p=28360"},"modified":"2025-12-09T14:23:06","modified_gmt":"2025-12-09T13:23:06","slug":"manicura-navidad","status":"publish","type":"post","link":"https:\/\/d-unas.com\/es\/manicura-navidad\/","title":{"rendered":"Descubre las manicuras navide\u00f1as que marcar\u00e1n tendencia esta temporada"},"content":{"rendered":"\t\t<div data-elementor-type=\"wp-post\" data-elementor-id=\"28360\" class=\"elementor elementor-28360\" data-elementor-post-type=\"post\">\n\t\t\t\t<div class=\"elementor-element elementor-element-312c7c4a e-flex e-con-boxed e-con e-parent\" data-id=\"312c7c4a\" data-element_type=\"container\">\n\t\t\t\t\t<div class=\"e-con-inner\">\n\t\t\t\t<div class=\"elementor-element elementor-element-601e3e4e elementor-widget elementor-widget-text-editor\" data-id=\"601e3e4e\" data-element_type=\"widget\" data-widget_type=\"text-editor.default\">\n\t\t\t\t<div class=\"elementor-widget-container\">\n\t\t\t\t\t\t\t\t\t<h5>Cuando llega la Navidad, la felicidad nos invade y ponemos un extra de atenci\u00f3n en todo lo que nos rodea: nos gusta ver las luces de navidad, hacemos m\u00e1s planes y tambi\u00e9n nos cuidamos m\u00e1s. Y, en este caso, la manicura se vuelve incluso m\u00e1s importante. Se trata de una forma de expresar nuestro estilo, personalidad y ese toque especial que acompa\u00f1a los d\u00edas m\u00e1s festivos del a\u00f1o.<\/h5><p>En d-u\u00f1as, sabemos que cada persona vive la Navidad a su manera. Por eso, nuestras propuestas abarcan desde las opciones m\u00e1s atemporales y elegantes, perfectas para quienes buscan una manicura discreta y sofisticada, hasta dise\u00f1os m\u00e1s llamativos, creativos y festivos, para quienes quieren que sus manos hablen por s\u00ed solas.<\/p><p>Desde l\u00edneas sutiles y motivos minimalistas que evocan la est\u00e9tica navide\u00f1a de forma delicada, hasta composiciones doradas o metalizadas que aportan un toque de brillo y originalidad a cualquier look.<\/p><p><!-- \/wp:paragraph --><\/p>\t\t\t\t\t\t\t\t<\/div>\n\t\t\t\t<\/div>\n\t\t\t\t<div class=\"elementor-element elementor-element-cd25fa5 elementor-widget elementor-widget-image\" data-id=\"cd25fa5\" data-element_type=\"widget\" data-widget_type=\"image.default\">\n\t\t\t\t<div class=\"elementor-widget-container\">\n\t\t\t\t\t\t\t\t\t\t\t\t\t\t\t<img decoding=\"async\" src=\"https:\/\/d-unas.com\/es\/wp-content\/uploads\/2025\/12\/Creatividades-POST-BLOG.png\" title=\"Creatividades POST BLOG\" alt=\"Creatividades POST BLOG\" loading=\"lazy\" \/>\t\t\t\t\t\t\t\t\t\t\t\t\t\t\t<\/div>\n\t\t\t\t<\/div>\n\t\t\t\t<div class=\"elementor-element elementor-element-da0f26e elementor-widget elementor-widget-text-editor\" data-id=\"da0f26e\" data-element_type=\"widget\" data-widget_type=\"text-editor.default\">\n\t\t\t\t<div class=\"elementor-widget-container\">\n\t\t\t\t\t\t\t\t\t<p>En d-u\u00f1as, nuestra raz\u00f3n de ser es cuidarte y ofrecerte lo mejor. Por eso, nuestras t\u00e9cnicas han recibido formaci\u00f3n especializada durante meses para crear las decoraciones m\u00e1s festivas, modernas y elegantes de la temporada. Cada dise\u00f1o ha sido pensado para adaptarse a tu estilo, a tus planes y a la forma en la que quieres vivir estas fiestas.<br \/>Este diciembre, reserva tu cita y d\u00e9jate cuidar en nuestras manos.<\/p><p>\u00a0<\/p><p>Te estamos esperando, reserva tu cita en tu sal\u00f3n d-u\u00f1as de confianza.<\/p><p>Tu espacio de belleza y bienestar.\u00a0<\/p><p><!-- \/wp:paragraph --><\/p>\t\t\t\t\t\t\t\t<\/div>\n\t\t\t\t<\/div>\n\t\t\t\t\t<\/div>\n\t\t\t\t<\/div>\n\t\t<div class=\"elementor-element elementor-element-b2158b5 e-flex e-con-boxed e-con e-parent\" data-id=\"b2158b5\" data-element_type=\"container\">\n\t\t\t\t\t<div class=\"e-con-inner\">\n\t\t\t\t\t<\/div>\n\t\t\t\t<\/div>\n\t\t\t\t<\/div>\n\t\t","protected":false},"excerpt":{"rendered":"<p>Cuando llega la Navidad, la felicidad nos invade y ponemos un extra de atenci\u00f3n en todo lo que nos rodea: nos gusta ver las luces de navidad, hacemos m\u00e1s planes y tambi\u00e9n nos cuidamos m\u00e1s. Y, en este caso, la manicura se vuelve incluso m\u00e1s importante. Se trata de una forma de expresar nuestro estilo, [&hellip;]<\/p>\n","protected":false},"author":3,"featured_media":28374,"comment_status":"open","ping_status":"open","sticky":false,"template":"","format":"standard","meta":{"content-type":"","footnotes":""},"categories":[8],"tags":[84,110,89,103],"class_list":["post-28360","post","type-post","status-publish","format-standard","has-post-thumbnail","hentry","category-belleza","tag-belleza","tag-facial","tag-manicura","tag-salon-de-belleza"],"yoast_head":"<!-- This site is optimized with the Yoast SEO plugin v26.8 - https:\/\/yoast.com\/product\/yoast-seo-wordpress\/ -->\n<title>Descubre las manicuras navide\u00f1as que marcar\u00e1n tendencia esta temporada - d-unas<\/title>\n<meta name=\"description\" content=\"Las manicuras que son tendencia esta navidad en nuestros salones d-u\u00f1as, con dise\u00f1os m\u00e1s llamativos, creativos y festivos\" \/>\n<meta name=\"robots\" content=\"index, follow, max-snippet:-1, max-image-preview:large, max-video-preview:-1\" \/>\n<link rel=\"canonical\" href=\"https:\/\/d-unas.com\/es\/manicura-navidad\/\" \/>\n<meta property=\"og:locale\" content=\"es_ES\" \/>\n<meta property=\"og:type\" content=\"article\" \/>\n<meta property=\"og:title\" content=\"Descubre las manicuras navide\u00f1as que marcar\u00e1n tendencia esta temporada - d-unas\" \/>\n<meta property=\"og:description\" content=\"Las manicuras que son tendencia esta navidad en nuestros salones d-u\u00f1as, con dise\u00f1os m\u00e1s llamativos, creativos y festivos\" \/>\n<meta property=\"og:url\" content=\"https:\/\/d-unas.com\/es\/manicura-navidad\/\" \/>\n<meta property=\"og:site_name\" content=\"d-unas\" \/>\n<meta property=\"article:published_time\" content=\"2025-12-09T11:42:50+00:00\" \/>\n<meta property=\"article:modified_time\" content=\"2025-12-09T13:23:06+00:00\" \/>\n<meta property=\"og:image\" content=\"https:\/\/d-unas.com\/es\/wp-content\/uploads\/2025\/12\/manicura-roja-elegante-descubriendotuestilo.jpg\" \/>\n\t<meta property=\"og:image:width\" content=\"1500\" \/>\n\t<meta property=\"og:image:height\" content=\"1000\" \/>\n\t<meta property=\"og:image:type\" content=\"image\/jpeg\" \/>\n<meta name=\"author\" content=\"roberto\" \/>\n<meta name=\"twitter:card\" content=\"summary_large_image\" \/>\n<meta name=\"twitter:label1\" content=\"Escrito por\" \/>\n\t<meta name=\"twitter:data1\" content=\"roberto\" \/>\n\t<meta name=\"twitter:label2\" content=\"Tiempo de lectura\" \/>\n\t<meta name=\"twitter:data2\" content=\"2 minutos\" \/>\n<script type=\"application\/ld+json\" class=\"yoast-schema-graph\">{\"@context\":\"https:\/\/schema.org\",\"@graph\":[{\"@type\":\"Article\",\"@id\":\"https:\/\/d-unas.com\/es\/manicura-navidad\/#article\",\"isPartOf\":{\"@id\":\"https:\/\/d-unas.com\/es\/manicura-navidad\/\"},\"author\":{\"name\":\"roberto\",\"@id\":\"https:\/\/d-unas.com\/es\/#\/schema\/person\/4d785d695dc5fcb72c806a088681df9a\"},\"headline\":\"Descubre las manicuras navide\u00f1as que marcar\u00e1n tendencia esta temporada\",\"datePublished\":\"2025-12-09T11:42:50+00:00\",\"dateModified\":\"2025-12-09T13:23:06+00:00\",\"mainEntityOfPage\":{\"@id\":\"https:\/\/d-unas.com\/es\/manicura-navidad\/\"},\"wordCount\":271,\"commentCount\":0,\"publisher\":{\"@id\":\"https:\/\/d-unas.com\/es\/#organization\"},\"image\":{\"@id\":\"https:\/\/d-unas.com\/es\/manicura-navidad\/#primaryimage\"},\"thumbnailUrl\":\"https:\/\/d-unas.com\/es\/wp-content\/uploads\/2025\/12\/manicura-roja-elegante-descubriendotuestilo.jpg\",\"keywords\":[\"Belleza\",\"facial\",\"manicura\",\"Sal\u00f3n de belleza\"],\"articleSection\":[\"Belleza\"],\"inLanguage\":\"es\",\"potentialAction\":[{\"@type\":\"CommentAction\",\"name\":\"Comment\",\"target\":[\"https:\/\/d-unas.com\/es\/manicura-navidad\/#respond\"]}]},{\"@type\":\"WebPage\",\"@id\":\"https:\/\/d-unas.com\/es\/manicura-navidad\/\",\"url\":\"https:\/\/d-unas.com\/es\/manicura-navidad\/\",\"name\":\"Descubre las manicuras navide\u00f1as que marcar\u00e1n tendencia esta temporada - d-unas\",\"isPartOf\":{\"@id\":\"https:\/\/d-unas.com\/es\/#website\"},\"primaryImageOfPage\":{\"@id\":\"https:\/\/d-unas.com\/es\/manicura-navidad\/#primaryimage\"},\"image\":{\"@id\":\"https:\/\/d-unas.com\/es\/manicura-navidad\/#primaryimage\"},\"thumbnailUrl\":\"https:\/\/d-unas.com\/es\/wp-content\/uploads\/2025\/12\/manicura-roja-elegante-descubriendotuestilo.jpg\",\"datePublished\":\"2025-12-09T11:42:50+00:00\",\"dateModified\":\"2025-12-09T13:23:06+00:00\",\"description\":\"Las manicuras que son tendencia esta navidad en nuestros salones d-u\u00f1as, con dise\u00f1os m\u00e1s llamativos, creativos y festivos\",\"breadcrumb\":{\"@id\":\"https:\/\/d-unas.com\/es\/manicura-navidad\/#breadcrumb\"},\"inLanguage\":\"es\",\"potentialAction\":[{\"@type\":\"ReadAction\",\"target\":[\"https:\/\/d-unas.com\/es\/manicura-navidad\/\"]}]},{\"@type\":\"ImageObject\",\"inLanguage\":\"es\",\"@id\":\"https:\/\/d-unas.com\/es\/manicura-navidad\/#primaryimage\",\"url\":\"https:\/\/d-unas.com\/es\/wp-content\/uploads\/2025\/12\/manicura-roja-elegante-descubriendotuestilo.jpg\",\"contentUrl\":\"https:\/\/d-unas.com\/es\/wp-content\/uploads\/2025\/12\/manicura-roja-elegante-descubriendotuestilo.jpg\",\"width\":1500,\"height\":1000},{\"@type\":\"BreadcrumbList\",\"@id\":\"https:\/\/d-unas.com\/es\/manicura-navidad\/#breadcrumb\",\"itemListElement\":[{\"@type\":\"ListItem\",\"position\":1,\"name\":\"Portada\",\"item\":\"https:\/\/d-unas.com\/es\/\"},{\"@type\":\"ListItem\",\"position\":2,\"name\":\"Descubre las manicuras navide\u00f1as que marcar\u00e1n tendencia esta temporada\"}]},{\"@type\":\"WebSite\",\"@id\":\"https:\/\/d-unas.com\/es\/#website\",\"url\":\"https:\/\/d-unas.com\/es\/\",\"name\":\"d-unas\",\"description\":\"\",\"publisher\":{\"@id\":\"https:\/\/d-unas.com\/es\/#organization\"},\"potentialAction\":[{\"@type\":\"SearchAction\",\"target\":{\"@type\":\"EntryPoint\",\"urlTemplate\":\"https:\/\/d-unas.com\/es\/?s={search_term_string}\"},\"query-input\":{\"@type\":\"PropertyValueSpecification\",\"valueRequired\":true,\"valueName\":\"search_term_string\"}}],\"inLanguage\":\"es\"},{\"@type\":\"Organization\",\"@id\":\"https:\/\/d-unas.com\/es\/#organization\",\"name\":\"d-unas\",\"url\":\"https:\/\/d-unas.com\/es\/\",\"logo\":{\"@type\":\"ImageObject\",\"inLanguage\":\"es\",\"@id\":\"https:\/\/d-unas.com\/es\/#\/schema\/logo\/image\/\",\"url\":\"https:\/\/d-unas.com\/es\/wp-content\/uploads\/2024\/12\/LOGO-D-UNAS.png\",\"contentUrl\":\"https:\/\/d-unas.com\/es\/wp-content\/uploads\/2024\/12\/LOGO-D-UNAS.png\",\"width\":349,\"height\":97,\"caption\":\"d-unas\"},\"image\":{\"@id\":\"https:\/\/d-unas.com\/es\/#\/schema\/logo\/image\/\"}},{\"@type\":\"Person\",\"@id\":\"https:\/\/d-unas.com\/es\/#\/schema\/person\/4d785d695dc5fcb72c806a088681df9a\",\"name\":\"roberto\",\"url\":\"https:\/\/d-unas.com\/es\/author\/roberto\/\"}]}<\/script>\n<!-- \/ Yoast SEO plugin. -->","yoast_head_json":{"title":"Descubre las manicuras navide\u00f1as que marcar\u00e1n tendencia esta temporada - d-unas","description":"Las manicuras que son tendencia esta navidad en nuestros salones d-u\u00f1as, con dise\u00f1os m\u00e1s llamativos, creativos y festivos","robots":{"index":"index","follow":"follow","max-snippet":"max-snippet:-1","max-image-preview":"max-image-preview:large","max-video-preview":"max-video-preview:-1"},"canonical":"https:\/\/d-unas.com\/es\/manicura-navidad\/","og_locale":"es_ES","og_type":"article","og_title":"Descubre las manicuras navide\u00f1as que marcar\u00e1n tendencia esta temporada - d-unas","og_description":"Las manicuras que son tendencia esta navidad en nuestros salones d-u\u00f1as, con dise\u00f1os m\u00e1s llamativos, creativos y festivos","og_url":"https:\/\/d-unas.com\/es\/manicura-navidad\/","og_site_name":"d-unas","article_published_time":"2025-12-09T11:42:50+00:00","article_modified_time":"2025-12-09T13:23:06+00:00","og_image":[{"width":1500,"height":1000,"url":"https:\/\/d-unas.com\/es\/wp-content\/uploads\/2025\/12\/manicura-roja-elegante-descubriendotuestilo.jpg","type":"image\/jpeg"}],"author":"roberto","twitter_card":"summary_large_image","twitter_misc":{"Escrito por":"roberto","Tiempo de lectura":"2 minutos"},"schema":{"@context":"https:\/\/schema.org","@graph":[{"@type":"Article","@id":"https:\/\/d-unas.com\/es\/manicura-navidad\/#article","isPartOf":{"@id":"https:\/\/d-unas.com\/es\/manicura-navidad\/"},"author":{"name":"roberto","@id":"https:\/\/d-unas.com\/es\/#\/schema\/person\/4d785d695dc5fcb72c806a088681df9a"},"headline":"Descubre las manicuras navide\u00f1as que marcar\u00e1n tendencia esta temporada","datePublished":"2025-12-09T11:42:50+00:00","dateModified":"2025-12-09T13:23:06+00:00","mainEntityOfPage":{"@id":"https:\/\/d-unas.com\/es\/manicura-navidad\/"},"wordCount":271,"commentCount":0,"publisher":{"@id":"https:\/\/d-unas.com\/es\/#organization"},"image":{"@id":"https:\/\/d-unas.com\/es\/manicura-navidad\/#primaryimage"},"thumbnailUrl":"https:\/\/d-unas.com\/es\/wp-content\/uploads\/2025\/12\/manicura-roja-elegante-descubriendotuestilo.jpg","keywords":["Belleza","facial","manicura","Sal\u00f3n de belleza"],"articleSection":["Belleza"],"inLanguage":"es","potentialAction":[{"@type":"CommentAction","name":"Comment","target":["https:\/\/d-unas.com\/es\/manicura-navidad\/#respond"]}]},{"@type":"WebPage","@id":"https:\/\/d-unas.com\/es\/manicura-navidad\/","url":"https:\/\/d-unas.com\/es\/manicura-navidad\/","name":"Descubre las manicuras navide\u00f1as que marcar\u00e1n tendencia esta temporada - d-unas","isPartOf":{"@id":"https:\/\/d-unas.com\/es\/#website"},"primaryImageOfPage":{"@id":"https:\/\/d-unas.com\/es\/manicura-navidad\/#primaryimage"},"image":{"@id":"https:\/\/d-unas.com\/es\/manicura-navidad\/#primaryimage"},"thumbnailUrl":"https:\/\/d-unas.com\/es\/wp-content\/uploads\/2025\/12\/manicura-roja-elegante-descubriendotuestilo.jpg","datePublished":"2025-12-09T11:42:50+00:00","dateModified":"2025-12-09T13:23:06+00:00","description":"Las manicuras que son tendencia esta navidad en nuestros salones d-u\u00f1as, con dise\u00f1os m\u00e1s llamativos, creativos y festivos","breadcrumb":{"@id":"https:\/\/d-unas.com\/es\/manicura-navidad\/#breadcrumb"},"inLanguage":"es","potentialAction":[{"@type":"ReadAction","target":["https:\/\/d-unas.com\/es\/manicura-navidad\/"]}]},{"@type":"ImageObject","inLanguage":"es","@id":"https:\/\/d-unas.com\/es\/manicura-navidad\/#primaryimage","url":"https:\/\/d-unas.com\/es\/wp-content\/uploads\/2025\/12\/manicura-roja-elegante-descubriendotuestilo.jpg","contentUrl":"https:\/\/d-unas.com\/es\/wp-content\/uploads\/2025\/12\/manicura-roja-elegante-descubriendotuestilo.jpg","width":1500,"height":1000},{"@type":"BreadcrumbList","@id":"https:\/\/d-unas.com\/es\/manicura-navidad\/#breadcrumb","itemListElement":[{"@type":"ListItem","position":1,"name":"Portada","item":"https:\/\/d-unas.com\/es\/"},{"@type":"ListItem","position":2,"name":"Descubre las manicuras navide\u00f1as que marcar\u00e1n tendencia esta temporada"}]},{"@type":"WebSite","@id":"https:\/\/d-unas.com\/es\/#website","url":"https:\/\/d-unas.com\/es\/","name":"d-unas","description":"","publisher":{"@id":"https:\/\/d-unas.com\/es\/#organization"},"potentialAction":[{"@type":"SearchAction","target":{"@type":"EntryPoint","urlTemplate":"https:\/\/d-unas.com\/es\/?s={search_term_string}"},"query-input":{"@type":"PropertyValueSpecification","valueRequired":true,"valueName":"search_term_string"}}],"inLanguage":"es"},{"@type":"Organization","@id":"https:\/\/d-unas.com\/es\/#organization","name":"d-unas","url":"https:\/\/d-unas.com\/es\/","logo":{"@type":"ImageObject","inLanguage":"es","@id":"https:\/\/d-unas.com\/es\/#\/schema\/logo\/image\/","url":"https:\/\/d-unas.com\/es\/wp-content\/uploads\/2024\/12\/LOGO-D-UNAS.png","contentUrl":"https:\/\/d-unas.com\/es\/wp-content\/uploads\/2024\/12\/LOGO-D-UNAS.png","width":349,"height":97,"caption":"d-unas"},"image":{"@id":"https:\/\/d-unas.com\/es\/#\/schema\/logo\/image\/"}},{"@type":"Person","@id":"https:\/\/d-unas.com\/es\/#\/schema\/person\/4d785d695dc5fcb72c806a088681df9a","name":"roberto","url":"https:\/\/d-unas.com\/es\/author\/roberto\/"}]}},"_links":{"self":[{"href":"https:\/\/d-unas.com\/es\/wp-json\/wp\/v2\/posts\/28360","targetHints":{"allow":["GET"]}}],"collection":[{"href":"https:\/\/d-unas.com\/es\/wp-json\/wp\/v2\/posts"}],"about":[{"href":"https:\/\/d-unas.com\/es\/wp-json\/wp\/v2\/types\/post"}],"author":[{"embeddable":true,"href":"https:\/\/d-unas.com\/es\/wp-json\/wp\/v2\/users\/3"}],"replies":[{"embeddable":true,"href":"https:\/\/d-unas.com\/es\/wp-json\/wp\/v2\/comments?post=28360"}],"version-history":[{"count":8,"href":"https:\/\/d-unas.com\/es\/wp-json\/wp\/v2\/posts\/28360\/revisions"}],"predecessor-version":[{"id":28372,"href":"https:\/\/d-unas.com\/es\/wp-json\/wp\/v2\/posts\/28360\/revisions\/28372"}],"wp:featuredmedia":[{"embeddable":true,"href":"https:\/\/d-unas.com\/es\/wp-json\/wp\/v2\/media\/28374"}],"wp:attachment":[{"href":"https:\/\/d-unas.com\/es\/wp-json\/wp\/v2\/media?parent=28360"}],"wp:term":[{"taxonomy":"category","embeddable":true,"href":"https:\/\/d-unas.com\/es\/wp-json\/wp\/v2\/categories?post=28360"},{"taxonomy":"post_tag","embeddable":true,"href":"https:\/\/d-unas.com\/es\/wp-json\/wp\/v2\/tags?post=28360"}],"curies":[{"name":"wp","href":"https:\/\/api.w.org\/{rel}","templated":true}]}}